{"id":434,"date":"2022-11-03T17:26:00","date_gmt":"2022-11-03T16:26:00","guid":{"rendered":"https:\/\/www.painpridepose.com\/?p=434"},"modified":"2023-07-20T16:20:51","modified_gmt":"2023-07-20T14:20:51","slug":"ausstellung-im-kkt-koelner-kuenstlerinnen-theater-koeln","status":"publish","type":"post","link":"https:\/\/www.painpridepose.com\/en\/ausstellung-im-kkt-koelner-kuenstlerinnen-theater-koeln\/","title":{"rendered":"Exhibition at KKT. K\u00f6lner K\u00fcnstler:innen Theater, Cologne"},"content":{"rendered":"<p>November 3, 2022 - November 10, 2022<\/p>\n\n\n\n<p>Back in Cologne! In November 2022, the exhibition became part of the UNIQUE FESTIVAL at the K\u00f6lner K\u00fcnstler:innen Theater. The festival invited guests to dive into the depths of societal diversity. The guests could expect many things: interactive workshops and lectures, concerts, poetry, and of course theater, with the photo collages of the Pain Pride Pose exhibition in the background. <a href=\"https:\/\/rausgegangen.de\/pages\/unique-festival\">UNIQUE FESTIVAL<\/a>s im K\u00f6lner K\u00fcnstler:innen Theater. Das Festival lud <strong>ein, in<\/strong> die Tiefen der gesellschaftlichen Vielfalt einzutauchen. Die G\u00e4ste erwartete Vieles: <strong>interaktive Workshops und Vortr\u00e4ge, Konzerte, Poetry und nat\u00fcrlich Theater, mit den Foto-Collagen des Ausstellung pain pride pose im Hintergrund.<\/strong><\/p>\n\n\n\n<figure class=\"wp-block-image size-large\"><img loading=\"lazy\" decoding=\"async\" width=\"768\" height=\"1024\" src=\"https:\/\/www.painpridepose.com\/wp-content\/uploads\/2023\/07\/20221104_162929-768x1024.jpg\" alt=\"\" class=\"wp-image-2350\" srcset=\"https:\/\/www.painpridepose.com\/wp-content\/uploads\/2023\/07\/20221104_162929-768x1024.jpg 768w, https:\/\/www.painpridepose.com\/wp-content\/uploads\/2023\/07\/20221104_162929-225x300.jpg 225w, https:\/\/www.painpridepose.com\/wp-content\/uploads\/2023\/07\/20221104_162929-1152x1536.jpg 1152w, https:\/\/www.painpridepose.com\/wp-content\/uploads\/2023\/07\/20221104_162929-1536x2048.jpg 1536w, https:\/\/www.painpridepose.com\/wp-content\/uploads\/2023\/07\/20221104_162929-9x12.jpg 9w, https:\/\/www.painpridepose.com\/wp-content\/uploads\/2023\/07\/20221104_162929-scaled.jpg 1920w\" sizes=\"auto, (max-width: 768px) 100vw, 768px\" \/><\/figure>\n\n\n\n<figure class=\"wp-block-image size-large\"><img loading=\"lazy\" decoding=\"async\" width=\"768\" height=\"1024\" src=\"https:\/\/www.painpridepose.com\/wp-content\/uploads\/2023\/07\/20221104_163013-768x1024.jpg\" alt=\"\" class=\"wp-image-2351\" srcset=\"https:\/\/www.painpridepose.com\/wp-content\/uploads\/2023\/07\/20221104_163013-768x1024.jpg 768w, https:\/\/www.painpridepose.com\/wp-content\/uploads\/2023\/07\/20221104_163013-225x300.jpg 225w, https:\/\/www.painpridepose.com\/wp-content\/uploads\/2023\/07\/20221104_163013-1152x1536.jpg 1152w, https:\/\/www.painpridepose.com\/wp-content\/uploads\/2023\/07\/20221104_163013-1536x2048.jpg 1536w, https:\/\/www.painpridepose.com\/wp-content\/uploads\/2023\/07\/20221104_163013-9x12.jpg 9w, https:\/\/www.painpridepose.com\/wp-content\/uploads\/2023\/07\/20221104_163013-scaled.jpg 1920w\" sizes=\"auto, (max-width: 768px) 100vw, 768px\" \/><\/figure>\n\n\n\n<figure class=\"wp-block-image size-large\"><img loading=\"lazy\" decoding=\"async\" width=\"768\" height=\"1024\" src=\"https:\/\/www.painpridepose.com\/wp-content\/uploads\/2023\/07\/20221104_163903-768x1024.jpg\" alt=\"\" class=\"wp-image-2352\" srcset=\"https:\/\/www.painpridepose.com\/wp-content\/uploads\/2023\/07\/20221104_163903-768x1024.jpg 768w, https:\/\/www.painpridepose.com\/wp-content\/uploads\/2023\/07\/20221104_163903-225x300.jpg 225w, https:\/\/www.painpridepose.com\/wp-content\/uploads\/2023\/07\/20221104_163903-1152x1536.jpg 1152w, https:\/\/www.painpridepose.com\/wp-content\/uploads\/2023\/07\/20221104_163903-1536x2048.jpg 1536w, https:\/\/www.painpridepose.com\/wp-content\/uploads\/2023\/07\/20221104_163903-9x12.jpg 9w, https:\/\/www.painpridepose.com\/wp-content\/uploads\/2023\/07\/20221104_163903-scaled.jpg 1920w\" sizes=\"auto, (max-width: 768px) 100vw, 768px\" \/><\/figure>","protected":false},"excerpt":{"rendered":"<p>\"03. November 2022 \u2013 10. November 2022 Back in Cologne! In November 2022, the exhibition became part of the UNIQUE FESTIVAL at the Cologne Artists' Theater. The festival invited guests to delve into the depths of social diversity. Guests could expect many things: interactive workshops and lectures, concerts, poetry, and of course theater, with the photo collages of the exhibition on display... <a title=\"Exhibition at KKT. K\u00f6lner K\u00fcnstler:innen Theater, Cologne\" class=\"read-more\" href=\"https:\/\/www.painpridepose.com\/en\/ausstellung-im-kkt-koelner-kuenstlerinnen-theater-koeln\/\" aria-label=\"More on Ausstellung im KKT. K\u00f6lner K\u00fcnstler:innen Theater, K\u00f6ln\">Read more<\/a><\/p>","protected":false},"author":2,"featured_media":604,"comment_status":"closed","ping_status":"open","sticky":false,"template":"","format":"standard","meta":{"_eb_attr":"","footnotes":""},"categories":[1],"tags":[],"class_list":["post-434","post","type-post","status-publish","format-standard","has-post-thumbnail","hentry","category-uncategorized"],"yoast_head":"<!-- This site is optimized with the Yoast SEO plugin v21.1 - https:\/\/yoast.com\/wordpress\/plugins\/seo\/ -->\n<title>Ausstellung im KKT. K\u00f6lner K\u00fcnstler:innen Theater, K\u00f6ln - Pain Pride Pose<\/title>\n<meta name=\"robots\" content=\"index, follow, max-snippet:-1, max-image-preview:large, max-video-preview:-1\" \/>\n<link rel=\"canonical\" href=\"https:\/\/www.painpridepose.com\/en\/ausstellung-im-kkt-koelner-kuenstlerinnen-theater-koeln\/\" \/>\n<meta property=\"og:locale\" content=\"en_GB\" \/>\n<meta property=\"og:type\" content=\"article\" \/>\n<meta property=\"og:title\" content=\"Ausstellung im KKT. K\u00f6lner K\u00fcnstler:innen Theater, K\u00f6ln - Pain Pride Pose\" \/>\n<meta property=\"og:description\" content=\"03. November 2022 &#8211; 10. November 2022 Zur\u00fcck in K\u00f6ln! Im November 2022 wurde die Ausstellung zum Teil des UNIQUE FESTIVALs im K\u00f6lner K\u00fcnstler:innen Theater. Das Festival lud ein, in die Tiefen der gesellschaftlichen Vielfalt einzutauchen. Die G\u00e4ste erwartete Vieles: interaktive Workshops und Vortr\u00e4ge, Konzerte, Poetry und nat\u00fcrlich Theater, mit den Foto-Collagen des Ausstellung pain ... Read more\" \/>\n<meta property=\"og:url\" content=\"https:\/\/www.painpridepose.com\/en\/ausstellung-im-kkt-koelner-kuenstlerinnen-theater-koeln\/\" \/>\n<meta property=\"og:site_name\" content=\"Pain Pride Pose\" \/>\n<meta property=\"article:published_time\" content=\"2022-11-03T16:26:00+00:00\" \/>\n<meta property=\"article:modified_time\" content=\"2023-07-20T14:20:51+00:00\" \/>\n<meta property=\"og:image\" content=\"https:\/\/www.painpridepose.com\/wp-content\/uploads\/2022\/11\/placeholder-post.jpg\" \/>\n\t<meta property=\"og:image:width\" content=\"2048\" \/>\n\t<meta property=\"og:image:height\" content=\"1152\" \/>\n\t<meta property=\"og:image:type\" content=\"image\/jpeg\" \/>\n<meta name=\"author\" content=\"Mars\" \/>\n<meta name=\"twitter:card\" content=\"summary_large_image\" \/>\n<meta name=\"twitter:label1\" content=\"Written by\" \/>\n\t<meta name=\"twitter:data1\" content=\"Mars\" \/>\n\t<meta name=\"twitter:label2\" content=\"Estimated reading time\" \/>\n\t<meta name=\"twitter:data2\" content=\"1 minute\" \/>\n<script type=\"application\/ld+json\" class=\"yoast-schema-graph\">{\"@context\":\"https:\/\/schema.org\",\"@graph\":[{\"@type\":\"Article\",\"@id\":\"https:\/\/www.painpridepose.com\/ausstellung-im-kkt-koelner-kuenstlerinnen-theater-koeln\/#article\",\"isPartOf\":{\"@id\":\"https:\/\/www.painpridepose.com\/ausstellung-im-kkt-koelner-kuenstlerinnen-theater-koeln\/\"},\"author\":{\"name\":\"Mars\",\"@id\":\"https:\/\/www.painpridepose.com\/#\/schema\/person\/02232babb913130eeb57d1a93b4874b4\"},\"headline\":\"Ausstellung im KKT. K\u00f6lner K\u00fcnstler:innen Theater, K\u00f6ln\",\"datePublished\":\"2022-11-03T16:26:00+00:00\",\"dateModified\":\"2023-07-20T14:20:51+00:00\",\"mainEntityOfPage\":{\"@id\":\"https:\/\/www.painpridepose.com\/ausstellung-im-kkt-koelner-kuenstlerinnen-theater-koeln\/\"},\"wordCount\":73,\"publisher\":{\"@id\":\"https:\/\/www.painpridepose.com\/#organization\"},\"articleSection\":[\"Uncategorized\"],\"inLanguage\":\"en-GB\"},{\"@type\":\"WebPage\",\"@id\":\"https:\/\/www.painpridepose.com\/ausstellung-im-kkt-koelner-kuenstlerinnen-theater-koeln\/\",\"url\":\"https:\/\/www.painpridepose.com\/ausstellung-im-kkt-koelner-kuenstlerinnen-theater-koeln\/\",\"name\":\"Ausstellung im KKT. K\u00f6lner K\u00fcnstler:innen Theater, K\u00f6ln - Pain Pride Pose\",\"isPartOf\":{\"@id\":\"https:\/\/www.painpridepose.com\/#website\"},\"datePublished\":\"2022-11-03T16:26:00+00:00\",\"dateModified\":\"2023-07-20T14:20:51+00:00\",\"breadcrumb\":{\"@id\":\"https:\/\/www.painpridepose.com\/ausstellung-im-kkt-koelner-kuenstlerinnen-theater-koeln\/#breadcrumb\"},\"inLanguage\":\"en-GB\",\"potentialAction\":[{\"@type\":\"ReadAction\",\"target\":[\"https:\/\/www.painpridepose.com\/ausstellung-im-kkt-koelner-kuenstlerinnen-theater-koeln\/\"]}]},{\"@type\":\"BreadcrumbList\",\"@id\":\"https:\/\/www.painpridepose.com\/ausstellung-im-kkt-koelner-kuenstlerinnen-theater-koeln\/#breadcrumb\",\"itemListElement\":[{\"@type\":\"ListItem\",\"position\":1,\"name\":\"Startseite\",\"item\":\"https:\/\/www.painpridepose.com\/\"},{\"@type\":\"ListItem\",\"position\":2,\"name\":\"Ausstellung im KKT. K\u00f6lner K\u00fcnstler:innen Theater, K\u00f6ln\"}]},{\"@type\":\"WebSite\",\"@id\":\"https:\/\/www.painpridepose.com\/#website\",\"url\":\"https:\/\/www.painpridepose.com\/\",\"name\":\"Pain Pride Pose\",\"description\":\"about queerness, discrimination and empowerment\",\"publisher\":{\"@id\":\"https:\/\/www.painpridepose.com\/#organization\"},\"potentialAction\":[{\"@type\":\"SearchAction\",\"target\":{\"@type\":\"EntryPoint\",\"urlTemplate\":\"https:\/\/www.painpridepose.com\/?s={search_term_string}\"},\"query-input\":\"required name=search_term_string\"}],\"inLanguage\":\"en-GB\"},{\"@type\":\"Organization\",\"@id\":\"https:\/\/www.painpridepose.com\/#organization\",\"name\":\"Pain Pride Pose\",\"url\":\"https:\/\/www.painpridepose.com\/\",\"logo\":{\"@type\":\"ImageObject\",\"inLanguage\":\"en-GB\",\"@id\":\"https:\/\/www.painpridepose.com\/#\/schema\/logo\/image\/\",\"url\":\"https:\/\/www.painpridepose.com\/wp-content\/uploads\/2023\/03\/painpridepose-logo.png\",\"contentUrl\":\"https:\/\/www.painpridepose.com\/wp-content\/uploads\/2023\/03\/painpridepose-logo.png\",\"width\":81,\"height\":80,\"caption\":\"Pain Pride Pose\"},\"image\":{\"@id\":\"https:\/\/www.painpridepose.com\/#\/schema\/logo\/image\/\"},\"sameAs\":[\"https:\/\/www.instagram.com\/painpridepose\/\"]},{\"@type\":\"Person\",\"@id\":\"https:\/\/www.painpridepose.com\/#\/schema\/person\/02232babb913130eeb57d1a93b4874b4\",\"name\":\"Mars\",\"image\":{\"@type\":\"ImageObject\",\"inLanguage\":\"en-GB\",\"@id\":\"https:\/\/www.painpridepose.com\/#\/schema\/person\/image\/\",\"url\":\"https:\/\/secure.gravatar.com\/avatar\/5c4cc61dd37a7ac95054b49a3ecba2b161a284df7549a11709465cafd3927463?s=96&d=mm&r=g\",\"contentUrl\":\"https:\/\/secure.gravatar.com\/avatar\/5c4cc61dd37a7ac95054b49a3ecba2b161a284df7549a11709465cafd3927463?s=96&d=mm&r=g\",\"caption\":\"Mars\"},\"url\":\"https:\/\/www.painpridepose.com\/en\/author\/obachtadm23\/\"}]}<\/script>\n<!-- \/ Yoast SEO plugin. -->","yoast_head_json":{"title":"Ausstellung im KKT. K\u00f6lner K\u00fcnstler:innen Theater, K\u00f6ln - Pain Pride Pose","robots":{"index":"index","follow":"follow","max-snippet":"max-snippet:-1","max-image-preview":"max-image-preview:large","max-video-preview":"max-video-preview:-1"},"canonical":"https:\/\/www.painpridepose.com\/en\/ausstellung-im-kkt-koelner-kuenstlerinnen-theater-koeln\/","og_locale":"en_GB","og_type":"article","og_title":"Ausstellung im KKT. K\u00f6lner K\u00fcnstler:innen Theater, K\u00f6ln - Pain Pride Pose","og_description":"03. November 2022 &#8211; 10. November 2022 Zur\u00fcck in K\u00f6ln! Im November 2022 wurde die Ausstellung zum Teil des UNIQUE FESTIVALs im K\u00f6lner K\u00fcnstler:innen Theater. Das Festival lud ein, in die Tiefen der gesellschaftlichen Vielfalt einzutauchen. Die G\u00e4ste erwartete Vieles: interaktive Workshops und Vortr\u00e4ge, Konzerte, Poetry und nat\u00fcrlich Theater, mit den Foto-Collagen des Ausstellung pain ... Read more","og_url":"https:\/\/www.painpridepose.com\/en\/ausstellung-im-kkt-koelner-kuenstlerinnen-theater-koeln\/","og_site_name":"Pain Pride Pose","article_published_time":"2022-11-03T16:26:00+00:00","article_modified_time":"2023-07-20T14:20:51+00:00","og_image":[{"width":2048,"height":1152,"url":"https:\/\/www.painpridepose.com\/wp-content\/uploads\/2022\/11\/placeholder-post.jpg","type":"image\/jpeg"}],"author":"Mars","twitter_card":"summary_large_image","twitter_misc":{"Written by":"Mars","Estimated reading time":"1 minute"},"schema":{"@context":"https:\/\/schema.org","@graph":[{"@type":"Article","@id":"https:\/\/www.painpridepose.com\/ausstellung-im-kkt-koelner-kuenstlerinnen-theater-koeln\/#article","isPartOf":{"@id":"https:\/\/www.painpridepose.com\/ausstellung-im-kkt-koelner-kuenstlerinnen-theater-koeln\/"},"author":{"name":"Mars","@id":"https:\/\/www.painpridepose.com\/#\/schema\/person\/02232babb913130eeb57d1a93b4874b4"},"headline":"Ausstellung im KKT. K\u00f6lner K\u00fcnstler:innen Theater, K\u00f6ln","datePublished":"2022-11-03T16:26:00+00:00","dateModified":"2023-07-20T14:20:51+00:00","mainEntityOfPage":{"@id":"https:\/\/www.painpridepose.com\/ausstellung-im-kkt-koelner-kuenstlerinnen-theater-koeln\/"},"wordCount":73,"publisher":{"@id":"https:\/\/www.painpridepose.com\/#organization"},"articleSection":["Uncategorized"],"inLanguage":"en-GB"},{"@type":"WebPage","@id":"https:\/\/www.painpridepose.com\/ausstellung-im-kkt-koelner-kuenstlerinnen-theater-koeln\/","url":"https:\/\/www.painpridepose.com\/ausstellung-im-kkt-koelner-kuenstlerinnen-theater-koeln\/","name":"Ausstellung im KKT. K\u00f6lner K\u00fcnstler:innen Theater, K\u00f6ln - Pain Pride Pose","isPartOf":{"@id":"https:\/\/www.painpridepose.com\/#website"},"datePublished":"2022-11-03T16:26:00+00:00","dateModified":"2023-07-20T14:20:51+00:00","breadcrumb":{"@id":"https:\/\/www.painpridepose.com\/ausstellung-im-kkt-koelner-kuenstlerinnen-theater-koeln\/#breadcrumb"},"inLanguage":"en-GB","potentialAction":[{"@type":"ReadAction","target":["https:\/\/www.painpridepose.com\/ausstellung-im-kkt-koelner-kuenstlerinnen-theater-koeln\/"]}]},{"@type":"BreadcrumbList","@id":"https:\/\/www.painpridepose.com\/ausstellung-im-kkt-koelner-kuenstlerinnen-theater-koeln\/#breadcrumb","itemListElement":[{"@type":"ListItem","position":1,"name":"Startseite","item":"https:\/\/www.painpridepose.com\/"},{"@type":"ListItem","position":2,"name":"Ausstellung im KKT. K\u00f6lner K\u00fcnstler:innen Theater, K\u00f6ln"}]},{"@type":"WebSite","@id":"https:\/\/www.painpridepose.com\/#website","url":"https:\/\/www.painpridepose.com\/","name":"Pain Pride Pose","description":"about queerness, discrimination and empowerment","publisher":{"@id":"https:\/\/www.painpridepose.com\/#organization"},"potentialAction":[{"@type":"SearchAction","target":{"@type":"EntryPoint","urlTemplate":"https:\/\/www.painpridepose.com\/?s={search_term_string}"},"query-input":"required name=search_term_string"}],"inLanguage":"en-GB"},{"@type":"Organization","@id":"https:\/\/www.painpridepose.com\/#organization","name":"Pain Pride Pose","url":"https:\/\/www.painpridepose.com\/","logo":{"@type":"ImageObject","inLanguage":"en-GB","@id":"https:\/\/www.painpridepose.com\/#\/schema\/logo\/image\/","url":"https:\/\/www.painpridepose.com\/wp-content\/uploads\/2023\/03\/painpridepose-logo.png","contentUrl":"https:\/\/www.painpridepose.com\/wp-content\/uploads\/2023\/03\/painpridepose-logo.png","width":81,"height":80,"caption":"Pain Pride Pose"},"image":{"@id":"https:\/\/www.painpridepose.com\/#\/schema\/logo\/image\/"},"sameAs":["https:\/\/www.instagram.com\/painpridepose\/"]},{"@type":"Person","@id":"https:\/\/www.painpridepose.com\/#\/schema\/person\/02232babb913130eeb57d1a93b4874b4","name":"Mars","image":{"@type":"ImageObject","inLanguage":"en-GB","@id":"https:\/\/www.painpridepose.com\/#\/schema\/person\/image\/","url":"https:\/\/secure.gravatar.com\/avatar\/5c4cc61dd37a7ac95054b49a3ecba2b161a284df7549a11709465cafd3927463?s=96&d=mm&r=g","contentUrl":"https:\/\/secure.gravatar.com\/avatar\/5c4cc61dd37a7ac95054b49a3ecba2b161a284df7549a11709465cafd3927463?s=96&d=mm&r=g","caption":"Mars"},"url":"https:\/\/www.painpridepose.com\/en\/author\/obachtadm23\/"}]}},"_links":{"self":[{"href":"https:\/\/www.painpridepose.com\/en\/wp-json\/wp\/v2\/posts\/434","targetHints":{"allow":["GET"]}}],"collection":[{"href":"https:\/\/www.painpridepose.com\/en\/wp-json\/wp\/v2\/posts"}],"about":[{"href":"https:\/\/www.painpridepose.com\/en\/wp-json\/wp\/v2\/types\/post"}],"author":[{"embeddable":true,"href":"https:\/\/www.painpridepose.com\/en\/wp-json\/wp\/v2\/users\/2"}],"replies":[{"embeddable":true,"href":"https:\/\/www.painpridepose.com\/en\/wp-json\/wp\/v2\/comments?post=434"}],"version-history":[{"count":2,"href":"https:\/\/www.painpridepose.com\/en\/wp-json\/wp\/v2\/posts\/434\/revisions"}],"predecessor-version":[{"id":2353,"href":"https:\/\/www.painpridepose.com\/en\/wp-json\/wp\/v2\/posts\/434\/revisions\/2353"}],"wp:featuredmedia":[{"embeddable":true,"href":"https:\/\/www.painpridepose.com\/en\/wp-json\/wp\/v2\/media\/604"}],"wp:attachment":[{"href":"https:\/\/www.painpridepose.com\/en\/wp-json\/wp\/v2\/media?parent=434"}],"wp:term":[{"taxonomy":"category","embeddable":true,"href":"https:\/\/www.painpridepose.com\/en\/wp-json\/wp\/v2\/categories?post=434"},{"taxonomy":"post_tag","embeddable":true,"href":"https:\/\/www.painpridepose.com\/en\/wp-json\/wp\/v2\/tags?post=434"}],"curies":[{"name":"wp","href":"https:\/\/api.w.org\/{rel}","templated":true}]}}